{"id":3746,"date":"2021-12-20T08:43:05","date_gmt":"2021-12-20T08:43:05","guid":{"rendered":"https:\/\/sacar.pl\/blog\/?p=3746"},"modified":"2023-03-10T11:04:05","modified_gmt":"2023-03-10T09:04:05","slug":"uchylne-kosze-na-smieci","status":"publish","type":"post","link":"https:\/\/sacar.pl\/blog\/uchylne-kosze-na-smieci\/","title":{"rendered":"Uchylne kosze na \u015bmieci"},"content":{"rendered":"\n<p class=\"has-custom-weight\" style=\"font-weight:bold;font-size:30px\">Kosze na \u015bmieci zwyk\u0142a, prozaiczna rzecz kt\u00f3ra znajduje si\u0119 w ka\u017cdym domu, biurze czy toalecie.<\/p>\n\n\n\n<p>Przedmiot codziennego u\u017cytku, kt\u00f3ry w pewnym sensie odzwierciedla nasze potrzeby zwi\u0105zane higienicznym i estetycznym przechowywaniem odpad\u00f3w przez kr\u00f3tki czas. Potrzebujemy go niemal\u017ce w ka\u017cdym obszarze, gdzie ma miejsce nasza ludzka obecno\u015b\u0107.<\/p>\n\n\n\n<p>Przyjrzyjmy si\u0119 bli\u017cej tym produktom, kt\u00f3re w niema\u0142ym stopniu u\u0142atwiaj\u0105 nam \u017cycie oraz czyni\u0105 je wygodniejszym.<\/p>\n\n\n\n<h3 class=\"wp-block-heading\" id=\"Dlaczego_kosz_uchylny?\"><strong>Dlaczego kosz uchylny?<\/strong><\/h3>\n\n\n\n<div class=\"wp-block-ugb-columns ugb-columns ugb-fb9c497 ugb-columns--design-plain ugb-columns--columns-2 ugb-main-block\"><div class=\"ugb-inner-block\"><div class=\"ugb-block-content\"><div class=\"ugb-columns__item ugb-fb9c497-content-wrapper\">\n\n<div class=\"wp-block-ugb-column ugb-column ugb-e7caf42 ugb-column--design-plain ugb-main-block\"><div class=\"ugb-inner-block\"><div class=\"ugb-block-content\"><div class=\"ugb-column__item ugb-e7caf42-column-wrapper\"><div class=\"ugb-column__content-wrapper\">\n\n<p> Istnieje wiele rodzaj\u00f3w kosz\u00f3w na \u015bmieci. Mo\u017cemy wybiera\u0107 cho\u0107by spo\u015br\u00f3d koszy automatycznych, z peda\u0142em, otwartych, z pokryw\u0105 czy w\u0142a\u015bnie <strong>uchylnych<\/strong>. Kosz uchylny to ten rodzaj pojemnika na odpady, kt\u00f3ry cechuje si\u0119 bardzo du\u017c\u0105 wygod\u0105 u\u017cytkowania oraz praktyczno\u015bci\u0105. Dodatkowo co nie mniej istotne umo\u017cliwia nam higien\u0119 podczas korzystania z niego jak r\u00f3wnie\u017c podczas jego opr\u00f3\u017cniania. Warto pami\u0119ta\u0107, i\u017c wieko kosza mo\u017ce wychyla\u0107 si\u0119 w wi\u0119cej ni\u017c jedn\u0105 stron\u0119 co stanowi dodatkowy atut tego w\u0142a\u015bnie produktu. <\/p>\n\n\n<p>Firma <strong><a href=\"https:\/\/sacar.pl\/\">Sacar<\/a> <\/strong>w swojej ofercie posiada takie w\u0142a\u015bnie pojemniki na odpady. Dost\u0119pne s\u0105 w r\u00f3\u017cnych rozmiarach co umo\u017cliwi nam dobranie w\u0142a\u015bciwego dla nas produktu, kt\u00f3ry spe\u0142ni nasze oczekiwania i potrzeby zwi\u0105zane z przechowywaniem odpad\u00f3w. Zapraszamy! <\/p>\n\n<\/div><\/div><\/div><\/div><\/div>\n\n\n<div class=\"wp-block-ugb-column ugb-column ugb-5ef2600 ugb-column--design-plain ugb-main-block\"><div class=\"ugb-inner-block\"><div class=\"ugb-block-content\"><div class=\"ugb-column__item ugb-5ef2600-column-wrapper\"><div class=\"ugb-column__content-wrapper\">\n\n<div class=\"wp-block-image coblocks-animate\" data-coblocks-animation=\"slideInBottom\"><figure class=\"aligncenter size-full\"><img fetchpriority=\"high\" decoding=\"async\" width=\"679\" height=\"1000\" src=\"https:\/\/sacar.pl\/blog\/wp-content\/uploads\/2021\/12\/Kosz-na-smieci.jpg\" alt=\"Kosz na \u015bmieci\" class=\"wp-image-3749\" srcset=\"https:\/\/sacar.pl\/blog\/wp-content\/uploads\/2021\/12\/Kosz-na-smieci.jpg 679w, https:\/\/sacar.pl\/blog\/wp-content\/uploads\/2021\/12\/Kosz-na-smieci-204x300.jpg 204w\" sizes=\"(max-width: 679px) 100vw, 679px\" \/><figcaption>Kosz na \u015bmieci<\/figcaption><\/figure><\/div>\n\n<\/div><\/div><\/div><\/div><\/div>\n\n<\/div><\/div><\/div><\/div>\n\n\n\n<h3 class=\"wp-block-heading\" id=\"Jaki_kosz_uchylny_wybra\u0107?\"><strong>Jaki kosz uchylny wybra\u0107?<\/strong><\/h3>\n\n\n\n<p>Je\u017celi poszukujemy odpowiedniego kosza na \u015bmieci do wykorzystywania w niewielkim biurze, \u0142azience czy kuchni dobrym rozwi\u0105zaniem oka\u017ce si\u0119 <strong><a href=\"https:\/\/sacar.pl\/kosze-na-smieci\/404-kosz-uchylny-9l-curver.html\">Kosz uchylny 9l Curver<\/a><\/strong>. To wygodny i wielofunkcyjny kosz na \u015bmieci wykonany z wytrzyma\u0142ego tworzywa sztucznego otwierany r\u0119cznie za pomoc\u0105 uchylnej pokrywy. \u015awietne rozwi\u0105zanie w ka\u017cdym pomieszczeniu o niewielkim nat\u0119\u017ceniu ruchu zwi\u0105zanym z gromadzeniem odpad\u00f3w.<\/p>\n\n\n\n<div data-gks-id=\"10\" class=\"wp-block-yooslider-yooslider-block\">\n\n\n\n<div id=\"gks-slider-10\"  data-gks-id=\"10\" class=\"gks-slider-layout gks-slider-carousel-layout\">\n        <a class=\"gks-slider-ctrl gks-slider-ctrl-prev\"><i class=\"fa gks-fa fa-angle-left\"><\/i><\/a>\n    <a class=\"gks-slider-ctrl gks-slider-ctrl-next\"><i class=\"fa gks-fa fa-angle-right\"><\/i><\/a>\n        <div class=\"owl-carousel gks-carousel  \">\n        \n                    <div id=\"0\" class=\"gks-slider-cell image-none \" data-type=\"pic\" data-index=\"0\" data-src=\"\">\n                        <div class=\"gks-slider-cell-content gks-slider-cell-height\" data-url=\"https:\/\/sacar.pl\/kosze-na-smieci\/404-kosz-uchylny-9l-curver.html\">\n                          \n                                                        <div class=\"gks-img-container\">\n                              <div class=\"gks-slider-cell-content-image gks-tile-img\" style=\"background-image: url(https:\/\/sacar.pl\/blog\/wp-content\/uploads\/2021\/12\/Kosz-na-smieci-9L.jpg);\">\n                                                                  <div class=\"gks-slider-overlay\"><\/div>\n                                                            <\/div>\n                            <a href='https:\/\/sacar.pl\/kosze-na-smieci\/404-kosz-uchylny-9l-curver.html' class='gks-slider-button' ><div class='gks-slider-button-icon'><i class='fa gks-fa fa-eye'><\/i><\/div><\/a>                          <\/div>\n                            <div class=\"gks-slider-onslide-details gks-slider-slide-caption\"><div class=\"gks-slider-title\">Kosz uchylny 9l CURVER<\/div><div class=\"gks-slider-details\"><\/div><\/div>\n                            <div class=\"gks-slider-onslide-content\"><\/div>                          \n                        <\/div>\n                    <\/div>\n                \n                    <div id=\"1\" class=\"gks-slider-cell image-none \" data-type=\"pic\" data-index=\"1\" data-src=\"\">\n                        <div class=\"gks-slider-cell-content gks-slider-cell-height\" data-url=\"https:\/\/sacar.pl\/kosze-na-smieci\/416-kosz-z-uchylna-pokrywa-klik-16l.html\">\n                          \n                                                        <div class=\"gks-img-container\">\n                              <div class=\"gks-slider-cell-content-image gks-tile-img\" style=\"background-image: url(https:\/\/sacar.pl\/blog\/wp-content\/uploads\/2021\/12\/Kosz-na-smieci-16L.jpg);\">\n                                                                  <div class=\"gks-slider-overlay\"><\/div>\n                                                            <\/div>\n                            <a href='https:\/\/sacar.pl\/kosze-na-smieci\/416-kosz-z-uchylna-pokrywa-klik-16l.html' class='gks-slider-button' ><div class='gks-slider-button-icon'><i class='fa gks-fa fa-eye'><\/i><\/div><\/a>                          <\/div>\n                            <div class=\"gks-slider-onslide-details gks-slider-slide-caption\"><div class=\"gks-slider-title\">Kosz z uchyln\u0105 pokryw\u0105 KLIK 16l<\/div><div class=\"gks-slider-details\"><\/div><\/div>\n                            <div class=\"gks-slider-onslide-content\"><\/div>                          \n                        <\/div>\n                    <\/div>\n                \n                    <div id=\"2\" class=\"gks-slider-cell image-none \" data-type=\"pic\" data-index=\"2\" data-src=\"\">\n                        <div class=\"gks-slider-cell-content gks-slider-cell-height\" data-url=\"https:\/\/sacar.pl\/kosze-na-smieci\/417-kosz-z-uchylna-pokrywa-klik-26l.html\">\n                          \n                                                        <div class=\"gks-img-container\">\n                              <div class=\"gks-slider-cell-content-image gks-tile-img\" style=\"background-image: url(https:\/\/sacar.pl\/blog\/wp-content\/uploads\/2021\/12\/Kosz-na-smieci-26L.jpg);\">\n                                                                  <div class=\"gks-slider-overlay\"><\/div>\n                                                            <\/div>\n                            <a href='https:\/\/sacar.pl\/kosze-na-smieci\/417-kosz-z-uchylna-pokrywa-klik-26l.html' class='gks-slider-button' ><div class='gks-slider-button-icon'><i class='fa gks-fa fa-eye'><\/i><\/div><\/a>                          <\/div>\n                            <div class=\"gks-slider-onslide-details gks-slider-slide-caption\"><div class=\"gks-slider-title\">Kosz z uchyln\u0105 pokryw\u0105 KLIK 26l<\/div><div class=\"gks-slider-details\"><\/div><\/div>\n                            <div class=\"gks-slider-onslide-content\"><\/div>                          \n                        <\/div>\n                    <\/div>\n                \n                    <div id=\"3\" class=\"gks-slider-cell image-none \" data-type=\"pic\" data-index=\"3\" data-src=\"\">\n                        <div class=\"gks-slider-cell-content gks-slider-cell-height\" data-url=\"https:\/\/sacar.pl\/kosze-na-smieci\/418-kosz-z-uchylna-pokrywa-klik-50l.html\">\n                          \n                                                        <div class=\"gks-img-container\">\n                              <div class=\"gks-slider-cell-content-image gks-tile-img\" style=\"background-image: url(https:\/\/sacar.pl\/blog\/wp-content\/uploads\/2021\/12\/Kosz-na-smieci-50L.jpg);\">\n                                                                  <div class=\"gks-slider-overlay\"><\/div>\n                                                            <\/div>\n                            <a href='https:\/\/sacar.pl\/kosze-na-smieci\/418-kosz-z-uchylna-pokrywa-klik-50l.html' class='gks-slider-button' ><div class='gks-slider-button-icon'><i class='fa gks-fa fa-eye'><\/i><\/div><\/a>                          <\/div>\n                            <div class=\"gks-slider-onslide-details gks-slider-slide-caption\"><div class=\"gks-slider-title\">Kosz z uchyln\u0105 pokryw\u0105 KLIK 50l<\/div><div class=\"gks-slider-details\"><\/div><\/div>\n                            <div class=\"gks-slider-onslide-content\"><\/div>                          \n                        <\/div>\n                    <\/div>\n                    <\/div>\n<\/div>\n\n\n\n\n\n<script>\n    jQuery(document).ready(function(){\n        var slideSpeed = 700;\n        var settings = {\n            responsiveBaseElement: '.gks-slider-layout',\n                        lazyLoad: false,\n            items: 1,\n            margin: 10,\n                        center: false,\n            loop: false,\n                        autoplay: false,\n            autoplayTimeout: 5000,\n            autoplayHoverPause: false,\n            mouseDrag: true,\n            touchDrag: true,\n            nav: false,\n            dots: true,\n            dotsEach: false,\n            smartSpeed: slideSpeed,\n            fluidSpeed: slideSpeed\n        };\n\n        \n                    settings.responsive = {\n                0 : {\n                    items: 1                },\n                421 : {\n                    items: 2                },\n                769 : {\n                    items: 3                },\n                1281 : {\n                    items: 3                }\n            };\n            settings.slideBy = 1;\n            settings.onInitialized = function(){\n                                        };\n\n        \n        \n        var gksSlider = jQuery('#gks-slider-10 .owl-carousel').owlCarousel(settings);\n        gksSlider.on('changed.owl.carousel', function(property) {\n          gks_destroyPlayer();\n\n          if (false ) {\n            var current = property.item.index;\n            var target = jQuery(property.target).find(\".owl-item\").eq(current).find(\".gks-slider-cell\");\n            jQuery(target).trigger(\"click\");\n          }\n        });\n\n        \/\/\n        \n        jQuery('#gks-slider-10 .gks-slider-ctrl-prev').click(function() {\n            jQuery(this).closest('.gks-slider-layout').find('.owl-carousel').trigger('prev.owl.carousel', [1000]);\n        });\n\n        gksSlider.on('changed.owl.carousel', function(event) {\n            jQuery(\"#gks-slider-10 .gks-info-opened .gks-slider-info-toggle\").click();\n        });\n\n        jQuery('#gks-slider-10 .gks-slider-ctrl-next').click(function() {\n            jQuery(this).closest('.gks-slider-layout').find('.owl-carousel').trigger('next.owl.carousel', [1000]);\n        });\n\n        jQuery(window).resize(function(){\n            gks_AdjustSlider(jQuery(\"#gks-slider-10\"));\n        });\n\n        gks_AdjustSlider(jQuery(\"#gks-slider-10\"));\n\n        jQuery('#gks-slider-10 .gks-slider-info-toggle').click(function(){\n            var caption = jQuery(this).closest('.gks-slider-overlay-caption');\n            caption.toggleClass('gks-info-opened');\n            if (caption.hasClass('gks-info-opened')) {\n                jQuery('.gks-slider-info-toggle', caption).removeClass('fa-angle-down');\n                jQuery('.gks-slider-info-toggle', caption).addClass('fa-angle-up');\n                jQuery('#gks-slider-10 .gks-slider-ctrl').animate({opacity: 0}, 100);\n            } else {\n                jQuery('.gks-slider-info-toggle', caption).addClass('fa-angle-down');\n                jQuery('.gks-slider-info-toggle', caption).removeClass('fa-angle-up');\n                jQuery('#gks-slider-10 .gks-slider-ctrl').animate({opacity: 1}, 100);\n            }\n            return false;\n        });\n\n        \n        jQuery(\"#gks-slider-10 .gks-slider-cell-content\").on(\"click\", function(evt){\n          if (jQuery(\"#gks-slider-10 .gks-slider-onslide-details\").has(evt.target).length) {\n            return;\n          }\n\n          var parent = jQuery(this).closest(\".gks-slider-cell\");\n          var type = jQuery(parent).data(\"type\");\n          if(type != \"html\") {\n            if (false || (type == \"youtube\" || type == \"vimeo\" || type == \"video\")) {\n              evt.preventDefault();\n            }\n          }\n\n          gks_handleClickAction(this, false);\n        });\n\n        if (false) {\n          jQuery(\"#gks-slider-10 #0.gks-slider-cell\").trigger(\"click\");\n        }\n    });\n\n    function gks_handleClickAction(target, showPopup) {\n      var parent = jQuery(target).closest(\".gks-slider-cell\");\n      var index = jQuery(parent).data(\"index\");\n\n      var type = jQuery(parent).data(\"type\");\n      if (!showPopup && (type == \"youtube\" || type == \"vimeo\" || type == \"video\")) {\n        gks_injectPlayer(parent);\n      } else if(type != \"html\" && showPopup) {\n              }\n    }\n\n    jQuery(window).on('hashchange, popstate', function (event) {\n        if(gksPopupIsOpen) {\n            gksPopupIsOpen = false;\n            gksBackCloses = true;\n            jQuery('.lg-close').click();\n        }\n    });\n\n\n    function gks_getAnimationName(slider){\n      var re = \/fx[a-zA-Z0-9\\-_]+\/i,\n          matches = re.exec(slider.attr('class'));\n\n      return matches !== null ? matches[0] : matches;\n    }\n\n    function gks_destroyPlayer() {\n      var video = jQuery(\"#gksvideo\");\n      jQuery(video).closest(\".gks-slider-cell\").find(\".gks-slider-onslide-content\").css(\"visibility\", \"visible\");\n      jQuery(video).closest(\".gks-slider-cell\").find(\".gks-video-play-icon\").css(\"visibility\", \"visible\");\n\n      if (video) {\n        video.attr(\"src\",\"\");\n        video.remove();\n      }\n    }\n\n    function gks_injectPlayer(parent) {\n      var type = jQuery(parent).data(\"type\");\n      var src = jQuery(parent).data(\"src\");\n\n      if (type == \"youtube\" || type == \"vimeo\" || type == \"video\") {\n        gks_destroyPlayer();\n\n        var embbedIn = jQuery(parent).find(\".gks-slider-cell-content-image\").length > 0 ? jQuery(parent).find(\".gks-slider-cell-content-image\") : parent;\n        jQuery('<iframe>', {\n             src: src,\n             id:  'gksvideo',\n             frameborder: 0,\n             scrolling: 'no',\n             allow: 'autoplay',\n             allowfullscreen: 'allowfullscreen',\n             style: \"position: absolute; width: 100%; height: 100%; left:0; top:0; z-index: 3; background-color: #000; z-index: 1000\"\n        }).appendTo(jQuery(embbedIn));\n\n        jQuery(parent).find(\".gks-slider-onslide-content\").css(\"visibility\", \"hidden\");\n        jQuery(parent).find(\".gks-video-play-icon\").css(\"visibility\", \"hidden\");\n      }\n    }\n\n<\/script>\n\n<\/div>\n\n\n\n<p>Natomiast je\u015bli potrzebujemy bardziej pojemnego kosza warto przyjrze\u0107 si\u0119 produktom z rodziny <strong><a href=\"https:\/\/sacar.pl\/szukaj?controller=search&amp;orderby=position&amp;orderway=desc&amp;search_query=KU16T+KU26T+KU50T&amp;submit_search=\">Klik<\/a><\/strong>. W ofercie firmy <strong>Sacar<\/strong> znajdziemy kosze uchylne <strong>Klik <\/strong>z pokryw\u0105 o pojemno\u015bci <strong><a href=\"https:\/\/sacar.pl\/kosze-na-smieci\/416-kosz-z-uchylna-pokrywa-klik-16l.html\">16l<\/a><\/strong>, <strong><a href=\"https:\/\/sacar.pl\/kosze-na-smieci\/417-kosz-z-uchylna-pokrywa-klik-26l.html\">26l<\/a><\/strong> oraz <strong><a href=\"https:\/\/sacar.pl\/kosze-na-smieci\/418-kosz-z-uchylna-pokrywa-klik-50l.html\">50l<\/a><\/strong>. S\u0105 to bardzo u\u017cyteczne, wygodne kosze na \u015bmieci r\u00f3wnie\u017c wykonane z wytrzyma\u0142ego tworzywa sztucznego. Podobnie jak w opisanym powy\u017cej przedmiocie pokrywa uchylana jest r\u0119cznie co stanowi bardzo wygodne rozwi\u0105zanie. Warto je zastosowa\u0107 w miejscach, gdzie ilo\u015b\u0107 przechowywanych odpad\u00f3w jest nieco wi\u0119ksza b\u0105d\u017a gdy b\u0119dziemy je rzadziej opr\u00f3\u017cnia\u0107.<\/p>\n\n\n\n<div class=\"wp-block-stackable-separator alignfull stk-block-separator stk--no-padding stk-block stk-9e3cf99\" data-block-id=\"9e3cf99\"><style>.stk-9e3cf99{border-radius:10px !important;overflow:hidden !important;box-shadow:none !important}@media screen and (max-width:1023px){.stk-9e3cf99{border-radius:0px !important;overflow:hidden !important}}.stk-9e3cf99{min-height:0px !important;max-width:1500px !important;min-width:auto !important;margin-top:36px !important;margin-bottom:-92px !important}@media screen and (max-width:1023px){.stk-9e3cf99{margin-bottom:-68px !important}}@media screen and (max-width:767px){.stk-9e3cf99{margin-bottom:-52px !important}}.stk-9e3cf99{top:-94px !important;bottom:-100px !important}@media screen and (max-width:1023px){.stk-9e3cf99{top:-64px !important}}@media screen and (max-width:767px){.stk-9e3cf99{top:-58px !important;bottom:-36px !important}}.stk-9e3cf99 svg{fill:#E5E5E5 !important;filter:drop-shadow(70px 130px -60px rgba(72,73,121,0.38) ) !important}.stk-9e3cf99 .stk-block-separator__inner{height:110px !important}@media screen and (max-width:767px){.stk-9e3cf99 .stk-block-separator__inner{height:110px !important}}<\/style><div class=\"stk-block-separator__inner\"><svg xmlns=\"http:\/\/www.w3.org\/2000\/svg\" viewBox=\"0 0 1600 200\" class=\"stk-separator__layer-1\" preserveAspectRatio=\"none\" aria-hidden=\"true\"><path d=\"M1413.6 39.3c-157.9 0-338.2 37.7-495.1 67.4-215.6 40.8-328.1 44.6-418.2 41.1S317 127.3 188.4 98.7-10 64.5-10 64.5v150.2h1620V58.8s-68.8-19.5-196.4-19.5z\"><\/path><\/svg><\/div><\/div>\n\n\n\n<p>Firma <strong>Sacar <\/strong>posiada kosze uchylne odpowiednie niemal\u017ce do ka\u017cdego pomieszczenia i ka\u017cdej ilo\u015bci przechowywanych odpad\u00f3w. Warto zapozna\u0107 si\u0119 z nasz\u0105 ofert\u0105. W razie potrzeby mo\u017cna si\u0119 doradzi\u0107 i skonsultowa\u0107 zar\u00f3wno na odleg\u0142o\u015b\u0107 jak i na miejscu. Zapraszamy do kontaktu!<\/p>\n","protected":false},"excerpt":{"rendered":"<p>Kosze na \u015bmieci zwyk\u0142a, prozaiczna rzecz kt\u00f3ra znajduje si\u0119 w ka\u017cdym domu, biurze czy toalecie. Przedmiot codziennego u\u017cytku, kt\u00f3ry w pewnym sensie odzwierciedla nasze potrzeby zwi\u0105zane higienicznym i estetycznym przechowywaniem odpad\u00f3w przez kr\u00f3tki czas. Potrzebujemy go niemal\u017ce w ka\u017cdym obszarze, gdzie ma miejsce nasza ludzka obecno\u015b\u0107. Przyjrzyjmy si\u0119 bli\u017cej tym [&hellip;]<\/p>\n","protected":false},"author":4,"featured_media":3763,"comment_status":"open","ping_status":"open","sticky":false,"template":"","format":"standard","meta":{"footnotes":""},"categories":[1],"tags":[95,94],"class_list":["post-3746","post","type-post","status-publish","format-standard","has-post-thumbnail","hentry","category-sprzet-urzadzenia-do-sprzatania-usuwania-zabrudzen","tag-klik","tag-kosz-na-smieci"],"yoast_head":"<!-- This site is optimized with the Yoast SEO plugin v26.1.1 - https:\/\/yoast.com\/wordpress\/plugins\/seo\/ -->\n<title>Uchylne kosze na \u015bmieci Sprz\u0119t do sprz\u0105tania - SACAR<\/title>\n<meta name=\"description\" content=\"Kosze na \u015bmieci s\u0105 przedmiotem codziennego u\u017cytku, kt\u00f3ry znajduje si\u0119 w ka\u017cdym domu, biurze czy toalecie. Wygodne i wielofunkcyjne uchylne kosze na \u015bmieci wykonane z wytrzyma\u0142ego materia\u0142u.\" \/>\n<meta name=\"robots\" content=\"index, follow, max-snippet:-1, max-image-preview:large, max-video-preview:-1\" \/>\n<link rel=\"canonical\" href=\"https:\/\/sacar.pl\/blog\/uchylne-kosze-na-smieci\/\" \/>\n<meta property=\"og:locale\" content=\"pl_PL\" \/>\n<meta property=\"og:type\" content=\"article\" \/>\n<meta property=\"og:title\" content=\"Uchylne kosze na \u015bmieci Sprz\u0119t do sprz\u0105tania - SACAR\" \/>\n<meta property=\"og:description\" content=\"Kosze na \u015bmieci s\u0105 przedmiotem codziennego u\u017cytku, kt\u00f3ry znajduje si\u0119 w ka\u017cdym domu, biurze czy toalecie. Wygodne i wielofunkcyjne uchylne kosze na \u015bmieci wykonane z wytrzyma\u0142ego materia\u0142u.\" \/>\n<meta property=\"og:url\" content=\"https:\/\/sacar.pl\/blog\/uchylne-kosze-na-smieci\/\" \/>\n<meta property=\"og:site_name\" content=\"SACAR\" \/>\n<meta property=\"article:publisher\" content=\"https:\/\/www.facebook.com\/sacarrzeszow\/\" \/>\n<meta property=\"article:published_time\" content=\"2021-12-20T08:43:05+00:00\" \/>\n<meta property=\"article:modified_time\" content=\"2023-03-10T09:04:05+00:00\" \/>\n<meta property=\"og:image\" content=\"https:\/\/sacar.pl\/blog\/wp-content\/uploads\/2021\/12\/KoszNaSmieci.jpg\" \/>\n\t<meta property=\"og:image:width\" content=\"1500\" \/>\n\t<meta property=\"og:image:height\" content=\"1500\" \/>\n\t<meta property=\"og:image:type\" content=\"image\/jpeg\" \/>\n<meta name=\"author\" content=\"Marta \u017b\u00f3\u0142kiewicz\" \/>\n<meta name=\"twitter:card\" content=\"summary_large_image\" \/>\n<meta name=\"twitter:label1\" content=\"Napisane przez\" \/>\n\t<meta name=\"twitter:data1\" content=\"Marta \u017b\u00f3\u0142kiewicz\" \/>\n\t<meta name=\"twitter:label2\" content=\"Szacowany czas czytania\" \/>\n\t<meta name=\"twitter:data2\" content=\"3 minuty\" \/>\n<script type=\"application\/ld+json\" class=\"yoast-schema-graph\">{\"@context\":\"https:\/\/schema.org\",\"@graph\":[{\"@type\":\"Article\",\"@id\":\"https:\/\/sacar.pl\/blog\/uchylne-kosze-na-smieci\/#article\",\"isPartOf\":{\"@id\":\"https:\/\/sacar.pl\/blog\/uchylne-kosze-na-smieci\/\"},\"author\":{\"name\":\"Marta \u017b\u00f3\u0142kiewicz\",\"@id\":\"https:\/\/sacar.pl\/blog\/#\/schema\/person\/cb2a477e7169d82493fbce083768c72f\"},\"headline\":\"Uchylne kosze na \u015bmieci\",\"datePublished\":\"2021-12-20T08:43:05+00:00\",\"dateModified\":\"2023-03-10T09:04:05+00:00\",\"mainEntityOfPage\":{\"@id\":\"https:\/\/sacar.pl\/blog\/uchylne-kosze-na-smieci\/\"},\"wordCount\":431,\"commentCount\":0,\"publisher\":{\"@id\":\"https:\/\/sacar.pl\/blog\/#organization\"},\"image\":{\"@id\":\"https:\/\/sacar.pl\/blog\/uchylne-kosze-na-smieci\/#primaryimage\"},\"thumbnailUrl\":\"https:\/\/sacar.pl\/blog\/wp-content\/uploads\/2021\/12\/KoszNaSmieci.jpg\",\"keywords\":[\"Klik\",\"Kosz na \u015bmieci\"],\"articleSection\":[\"Sprz\u0119t do sprz\u0105tania\"],\"inLanguage\":\"pl-PL\",\"potentialAction\":[{\"@type\":\"CommentAction\",\"name\":\"Comment\",\"target\":[\"https:\/\/sacar.pl\/blog\/uchylne-kosze-na-smieci\/#respond\"]}]},{\"@type\":\"WebPage\",\"@id\":\"https:\/\/sacar.pl\/blog\/uchylne-kosze-na-smieci\/\",\"url\":\"https:\/\/sacar.pl\/blog\/uchylne-kosze-na-smieci\/\",\"name\":\"Uchylne kosze na \u015bmieci Sprz\u0119t do sprz\u0105tania - SACAR\",\"isPartOf\":{\"@id\":\"https:\/\/sacar.pl\/blog\/#website\"},\"primaryImageOfPage\":{\"@id\":\"https:\/\/sacar.pl\/blog\/uchylne-kosze-na-smieci\/#primaryimage\"},\"image\":{\"@id\":\"https:\/\/sacar.pl\/blog\/uchylne-kosze-na-smieci\/#primaryimage\"},\"thumbnailUrl\":\"https:\/\/sacar.pl\/blog\/wp-content\/uploads\/2021\/12\/KoszNaSmieci.jpg\",\"datePublished\":\"2021-12-20T08:43:05+00:00\",\"dateModified\":\"2023-03-10T09:04:05+00:00\",\"description\":\"Kosze na \u015bmieci s\u0105 przedmiotem codziennego u\u017cytku, kt\u00f3ry znajduje si\u0119 w ka\u017cdym domu, biurze czy toalecie. Wygodne i wielofunkcyjne uchylne kosze na \u015bmieci wykonane z wytrzyma\u0142ego materia\u0142u.\",\"breadcrumb\":{\"@id\":\"https:\/\/sacar.pl\/blog\/uchylne-kosze-na-smieci\/#breadcrumb\"},\"inLanguage\":\"pl-PL\",\"potentialAction\":[{\"@type\":\"ReadAction\",\"target\":[\"https:\/\/sacar.pl\/blog\/uchylne-kosze-na-smieci\/\"]}]},{\"@type\":\"ImageObject\",\"inLanguage\":\"pl-PL\",\"@id\":\"https:\/\/sacar.pl\/blog\/uchylne-kosze-na-smieci\/#primaryimage\",\"url\":\"https:\/\/sacar.pl\/blog\/wp-content\/uploads\/2021\/12\/KoszNaSmieci.jpg\",\"contentUrl\":\"https:\/\/sacar.pl\/blog\/wp-content\/uploads\/2021\/12\/KoszNaSmieci.jpg\",\"width\":1500,\"height\":1500,\"caption\":\"Kosz na \u015bmieci\"},{\"@type\":\"BreadcrumbList\",\"@id\":\"https:\/\/sacar.pl\/blog\/uchylne-kosze-na-smieci\/#breadcrumb\",\"itemListElement\":[{\"@type\":\"ListItem\",\"position\":1,\"name\":\"Strona g\u0142\u00f3wna\",\"item\":\"https:\/\/sacar.pl\/blog\/\"},{\"@type\":\"ListItem\",\"position\":2,\"name\":\"Sprz\u0119t do sprz\u0105tania\",\"item\":\"https:\/\/sacar.pl\/blog\/category\/sprzet-urzadzenia-do-sprzatania-usuwania-zabrudzen\/\"},{\"@type\":\"ListItem\",\"position\":3,\"name\":\"Uchylne kosze na \u015bmieci\"}]},{\"@type\":\"WebSite\",\"@id\":\"https:\/\/sacar.pl\/blog\/#website\",\"url\":\"https:\/\/sacar.pl\/blog\/\",\"name\":\"SACAR\",\"description\":\"Profesjonalne \u015arodki czysto\u015bci\",\"publisher\":{\"@id\":\"https:\/\/sacar.pl\/blog\/#organization\"},\"alternateName\":\"Profesjonalne \u015arodki czysto\u015bci\",\"potentialAction\":[{\"@type\":\"SearchAction\",\"target\":{\"@type\":\"EntryPoint\",\"urlTemplate\":\"https:\/\/sacar.pl\/blog\/?s={search_term_string}\"},\"query-input\":{\"@type\":\"PropertyValueSpecification\",\"valueRequired\":true,\"valueName\":\"search_term_string\"}}],\"inLanguage\":\"pl-PL\"},{\"@type\":\"Organization\",\"@id\":\"https:\/\/sacar.pl\/blog\/#organization\",\"name\":\"SACAR\",\"url\":\"https:\/\/sacar.pl\/blog\/\",\"logo\":{\"@type\":\"ImageObject\",\"inLanguage\":\"pl-PL\",\"@id\":\"https:\/\/sacar.pl\/blog\/#\/schema\/logo\/image\/\",\"url\":\"https:\/\/sacar.pl\/blog\/wp-content\/uploads\/2020\/12\/cropped-Logo-SACAR.png\",\"contentUrl\":\"https:\/\/sacar.pl\/blog\/wp-content\/uploads\/2020\/12\/cropped-Logo-SACAR.png\",\"width\":340,\"height\":120,\"caption\":\"SACAR\"},\"image\":{\"@id\":\"https:\/\/sacar.pl\/blog\/#\/schema\/logo\/image\/\"},\"sameAs\":[\"https:\/\/www.facebook.com\/sacarrzeszow\/\",\"https:\/\/www.instagram.com\/sacar.pl\/\"]},{\"@type\":\"Person\",\"@id\":\"https:\/\/sacar.pl\/blog\/#\/schema\/person\/cb2a477e7169d82493fbce083768c72f\",\"name\":\"Marta \u017b\u00f3\u0142kiewicz\",\"image\":{\"@type\":\"ImageObject\",\"inLanguage\":\"pl-PL\",\"@id\":\"https:\/\/sacar.pl\/blog\/#\/schema\/person\/image\/\",\"url\":\"https:\/\/sacar.pl\/blog\/wp-content\/litespeed\/avatar\/7d264cdc8625009253d25cc3ed963133.jpg?ver=1777480204\",\"contentUrl\":\"https:\/\/sacar.pl\/blog\/wp-content\/litespeed\/avatar\/7d264cdc8625009253d25cc3ed963133.jpg?ver=1777480204\",\"caption\":\"Marta \u017b\u00f3\u0142kiewicz\"},\"url\":\"https:\/\/sacar.pl\/blog\/author\/marta-zolkiewicz\/\"}]}<\/script>\n<!-- \/ Yoast SEO plugin. -->","yoast_head_json":{"title":"Uchylne kosze na \u015bmieci Sprz\u0119t do sprz\u0105tania - SACAR","description":"Kosze na \u015bmieci s\u0105 przedmiotem codziennego u\u017cytku, kt\u00f3ry znajduje si\u0119 w ka\u017cdym domu, biurze czy toalecie. Wygodne i wielofunkcyjne uchylne kosze na \u015bmieci wykonane z wytrzyma\u0142ego materia\u0142u.","robots":{"index":"index","follow":"follow","max-snippet":"max-snippet:-1","max-image-preview":"max-image-preview:large","max-video-preview":"max-video-preview:-1"},"canonical":"https:\/\/sacar.pl\/blog\/uchylne-kosze-na-smieci\/","og_locale":"pl_PL","og_type":"article","og_title":"Uchylne kosze na \u015bmieci Sprz\u0119t do sprz\u0105tania - SACAR","og_description":"Kosze na \u015bmieci s\u0105 przedmiotem codziennego u\u017cytku, kt\u00f3ry znajduje si\u0119 w ka\u017cdym domu, biurze czy toalecie. Wygodne i wielofunkcyjne uchylne kosze na \u015bmieci wykonane z wytrzyma\u0142ego materia\u0142u.","og_url":"https:\/\/sacar.pl\/blog\/uchylne-kosze-na-smieci\/","og_site_name":"SACAR","article_publisher":"https:\/\/www.facebook.com\/sacarrzeszow\/","article_published_time":"2021-12-20T08:43:05+00:00","article_modified_time":"2023-03-10T09:04:05+00:00","og_image":[{"width":1500,"height":1500,"url":"https:\/\/sacar.pl\/blog\/wp-content\/uploads\/2021\/12\/KoszNaSmieci.jpg","type":"image\/jpeg"}],"author":"Marta \u017b\u00f3\u0142kiewicz","twitter_card":"summary_large_image","twitter_misc":{"Napisane przez":"Marta \u017b\u00f3\u0142kiewicz","Szacowany czas czytania":"3 minuty"},"schema":{"@context":"https:\/\/schema.org","@graph":[{"@type":"Article","@id":"https:\/\/sacar.pl\/blog\/uchylne-kosze-na-smieci\/#article","isPartOf":{"@id":"https:\/\/sacar.pl\/blog\/uchylne-kosze-na-smieci\/"},"author":{"name":"Marta \u017b\u00f3\u0142kiewicz","@id":"https:\/\/sacar.pl\/blog\/#\/schema\/person\/cb2a477e7169d82493fbce083768c72f"},"headline":"Uchylne kosze na \u015bmieci","datePublished":"2021-12-20T08:43:05+00:00","dateModified":"2023-03-10T09:04:05+00:00","mainEntityOfPage":{"@id":"https:\/\/sacar.pl\/blog\/uchylne-kosze-na-smieci\/"},"wordCount":431,"commentCount":0,"publisher":{"@id":"https:\/\/sacar.pl\/blog\/#organization"},"image":{"@id":"https:\/\/sacar.pl\/blog\/uchylne-kosze-na-smieci\/#primaryimage"},"thumbnailUrl":"https:\/\/sacar.pl\/blog\/wp-content\/uploads\/2021\/12\/KoszNaSmieci.jpg","keywords":["Klik","Kosz na \u015bmieci"],"articleSection":["Sprz\u0119t do sprz\u0105tania"],"inLanguage":"pl-PL","potentialAction":[{"@type":"CommentAction","name":"Comment","target":["https:\/\/sacar.pl\/blog\/uchylne-kosze-na-smieci\/#respond"]}]},{"@type":"WebPage","@id":"https:\/\/sacar.pl\/blog\/uchylne-kosze-na-smieci\/","url":"https:\/\/sacar.pl\/blog\/uchylne-kosze-na-smieci\/","name":"Uchylne kosze na \u015bmieci Sprz\u0119t do sprz\u0105tania - SACAR","isPartOf":{"@id":"https:\/\/sacar.pl\/blog\/#website"},"primaryImageOfPage":{"@id":"https:\/\/sacar.pl\/blog\/uchylne-kosze-na-smieci\/#primaryimage"},"image":{"@id":"https:\/\/sacar.pl\/blog\/uchylne-kosze-na-smieci\/#primaryimage"},"thumbnailUrl":"https:\/\/sacar.pl\/blog\/wp-content\/uploads\/2021\/12\/KoszNaSmieci.jpg","datePublished":"2021-12-20T08:43:05+00:00","dateModified":"2023-03-10T09:04:05+00:00","description":"Kosze na \u015bmieci s\u0105 przedmiotem codziennego u\u017cytku, kt\u00f3ry znajduje si\u0119 w ka\u017cdym domu, biurze czy toalecie. Wygodne i wielofunkcyjne uchylne kosze na \u015bmieci wykonane z wytrzyma\u0142ego materia\u0142u.","breadcrumb":{"@id":"https:\/\/sacar.pl\/blog\/uchylne-kosze-na-smieci\/#breadcrumb"},"inLanguage":"pl-PL","potentialAction":[{"@type":"ReadAction","target":["https:\/\/sacar.pl\/blog\/uchylne-kosze-na-smieci\/"]}]},{"@type":"ImageObject","inLanguage":"pl-PL","@id":"https:\/\/sacar.pl\/blog\/uchylne-kosze-na-smieci\/#primaryimage","url":"https:\/\/sacar.pl\/blog\/wp-content\/uploads\/2021\/12\/KoszNaSmieci.jpg","contentUrl":"https:\/\/sacar.pl\/blog\/wp-content\/uploads\/2021\/12\/KoszNaSmieci.jpg","width":1500,"height":1500,"caption":"Kosz na \u015bmieci"},{"@type":"BreadcrumbList","@id":"https:\/\/sacar.pl\/blog\/uchylne-kosze-na-smieci\/#breadcrumb","itemListElement":[{"@type":"ListItem","position":1,"name":"Strona g\u0142\u00f3wna","item":"https:\/\/sacar.pl\/blog\/"},{"@type":"ListItem","position":2,"name":"Sprz\u0119t do sprz\u0105tania","item":"https:\/\/sacar.pl\/blog\/category\/sprzet-urzadzenia-do-sprzatania-usuwania-zabrudzen\/"},{"@type":"ListItem","position":3,"name":"Uchylne kosze na \u015bmieci"}]},{"@type":"WebSite","@id":"https:\/\/sacar.pl\/blog\/#website","url":"https:\/\/sacar.pl\/blog\/","name":"SACAR","description":"Profesjonalne \u015arodki czysto\u015bci","publisher":{"@id":"https:\/\/sacar.pl\/blog\/#organization"},"alternateName":"Profesjonalne \u015arodki czysto\u015bci","potentialAction":[{"@type":"SearchAction","target":{"@type":"EntryPoint","urlTemplate":"https:\/\/sacar.pl\/blog\/?s={search_term_string}"},"query-input":{"@type":"PropertyValueSpecification","valueRequired":true,"valueName":"search_term_string"}}],"inLanguage":"pl-PL"},{"@type":"Organization","@id":"https:\/\/sacar.pl\/blog\/#organization","name":"SACAR","url":"https:\/\/sacar.pl\/blog\/","logo":{"@type":"ImageObject","inLanguage":"pl-PL","@id":"https:\/\/sacar.pl\/blog\/#\/schema\/logo\/image\/","url":"https:\/\/sacar.pl\/blog\/wp-content\/uploads\/2020\/12\/cropped-Logo-SACAR.png","contentUrl":"https:\/\/sacar.pl\/blog\/wp-content\/uploads\/2020\/12\/cropped-Logo-SACAR.png","width":340,"height":120,"caption":"SACAR"},"image":{"@id":"https:\/\/sacar.pl\/blog\/#\/schema\/logo\/image\/"},"sameAs":["https:\/\/www.facebook.com\/sacarrzeszow\/","https:\/\/www.instagram.com\/sacar.pl\/"]},{"@type":"Person","@id":"https:\/\/sacar.pl\/blog\/#\/schema\/person\/cb2a477e7169d82493fbce083768c72f","name":"Marta \u017b\u00f3\u0142kiewicz","image":{"@type":"ImageObject","inLanguage":"pl-PL","@id":"https:\/\/sacar.pl\/blog\/#\/schema\/person\/image\/","url":"https:\/\/sacar.pl\/blog\/wp-content\/litespeed\/avatar\/7d264cdc8625009253d25cc3ed963133.jpg?ver=1777480204","contentUrl":"https:\/\/sacar.pl\/blog\/wp-content\/litespeed\/avatar\/7d264cdc8625009253d25cc3ed963133.jpg?ver=1777480204","caption":"Marta \u017b\u00f3\u0142kiewicz"},"url":"https:\/\/sacar.pl\/blog\/author\/marta-zolkiewicz\/"}]}},"_links":{"self":[{"href":"https:\/\/sacar.pl\/blog\/wp-json\/wp\/v2\/posts\/3746","targetHints":{"allow":["GET"]}}],"collection":[{"href":"https:\/\/sacar.pl\/blog\/wp-json\/wp\/v2\/posts"}],"about":[{"href":"https:\/\/sacar.pl\/blog\/wp-json\/wp\/v2\/types\/post"}],"author":[{"embeddable":true,"href":"https:\/\/sacar.pl\/blog\/wp-json\/wp\/v2\/users\/4"}],"replies":[{"embeddable":true,"href":"https:\/\/sacar.pl\/blog\/wp-json\/wp\/v2\/comments?post=3746"}],"version-history":[{"count":0,"href":"https:\/\/sacar.pl\/blog\/wp-json\/wp\/v2\/posts\/3746\/revisions"}],"wp:featuredmedia":[{"embeddable":true,"href":"https:\/\/sacar.pl\/blog\/wp-json\/wp\/v2\/media\/3763"}],"wp:attachment":[{"href":"https:\/\/sacar.pl\/blog\/wp-json\/wp\/v2\/media?parent=3746"}],"wp:term":[{"taxonomy":"category","embeddable":true,"href":"https:\/\/sacar.pl\/blog\/wp-json\/wp\/v2\/categories?post=3746"},{"taxonomy":"post_tag","embeddable":true,"href":"https:\/\/sacar.pl\/blog\/wp-json\/wp\/v2\/tags?post=3746"}],"curies":[{"name":"wp","href":"https:\/\/api.w.org\/{rel}","templated":true}]}}